{"id":1471,"date":"2019-05-17T12:11:15","date_gmt":"2019-05-17T10:11:15","guid":{"rendered":"http:\/\/www.blauburgunder.it\/?p=1471&#038;lang=it"},"modified":"2019-05-17T10:29:21","modified_gmt":"2019-05-17T08:29:21","slug":"1471","status":"publish","type":"post","link":"https:\/\/www.blauburgunder.it\/it\/1471\/","title":{"rendered":"I vincitori dell&#8217;edizione 2019!"},"content":{"rendered":"<h1 class=\"article--header-title\">Pinot nero, il migliore\u00a0quest\u2019anno \u00e8 di Cornaiano<\/h1>\n<div class=\"article--header-description\">\n<p>Egna. Fino al 20 maggio a Egna e a Montagna tutto ruota attorno al Pinot Nero. La 21\u00aa edizione delle Giornate altoatesine del Pinot Nero si \u00e8 aperta con la proclamazione dei vincitori alla presenza&#8230;<\/p>\n<p>Egna: Fino al 20 maggio a Egna e a Montagna tutto ruota attorno al Pinot Nero. La 21\u00aa edizione delle Giornate altoatesine del Pinot Nero si \u00e8 aperta con la proclamazione dei vincitori alla presenza del barone Rubin de Cervin Albrizzi. \u00abSiamo felici che quest\u2019anno abbiano partecipato con i loro vini 93 produttori provenienti da 11 provincie italiane. Abbiamo stabilito cos\u00ec un nuovo record. Da un lato, ci\u00f2 dimostra il rilievo acquisito dalle Giornate del Pinot Nero, dall\u2019altro, sottolinea l\u2019eccellenza dell\u2019annata 2016\u00bb, dichiara Ines Giovanett, presidentessa dell\u2019Associazione Giornate altoatesine del Pinot Nero. \u00abUna giuria composta da 28 enologi ed enotecnici ha degustato i 93 vini alla cieca. I migliori si sono qualificati per la finale, dove sono stati degustati e valutati una seconda volta\u00bb, spiega il vicepresidente Peter Dipoli, responsabile del concorso assieme a Marc Pfitscher. L&#8217;analisi dei risultati \u00e8 stata eseguita dal Centro di Laimburg sotto la guida di Ulrich Pedri. Al primo posto si \u00e8 classificata la Cantina di Cornaiano con il Pinot Noir Riserva Trattmann; il secondo posto \u00e8 andato pari merito a Tenuta Kollerhof Mazon con il Pinot Riserva Mazon aegis, Cantina Terlano con il Pinot Riserva Monticol, allo Stroblhof con il Pinot Riserva; terza la Cantina San Michele con il Pinot Noir Riserva Sanct Valentin.<\/p>\n<\/div>\n","protected":false},"excerpt":{"rendered":"<p>Pinot nero, il migliore\u00a0quest\u2019anno \u00e8 di Cornaiano Egna. Fino al 20 maggio a Egna e a Montagna tutto ruota attorno al Pinot Nero. La 21\u00aa edizione delle Giornate altoatesine del Pinot Nero si \u00e8 aperta con la proclamazione dei vincitori alla presenza&#8230; Egna: Fino al 20 maggio a Egna e a Montagna tutto ruota attorno [&hellip;]<\/p>\n","protected":false},"author":2,"featured_media":1472,"comment_status":"open","ping_status":"closed","sticky":false,"template":"","format":"standard","meta":{"_acf_changed":false,"footnotes":""},"categories":[7],"tags":[],"class_list":["post-1471","post","type-post","status-publish","format-standard","hentry","category-non-categorizzato"],"acf":[],"yoast_head":"<!-- This site is optimized with the Yoast SEO plugin v27.0 - https:\/\/yoast.com\/product\/yoast-seo-wordpress\/ -->\n<title>I vincitori dell&#039;edizione 2019! - Giornate del Pinot Nero - Trentino Alto Adige<\/title>\n<meta name=\"robots\" content=\"index, follow, max-snippet:-1, max-image-preview:large, max-video-preview:-1\" \/>\n<link rel=\"canonical\" href=\"https:\/\/www.blauburgunder.it\/it\/1471\/\" \/>\n<meta property=\"og:locale\" content=\"it_IT\" \/>\n<meta property=\"og:type\" content=\"article\" \/>\n<meta property=\"og:title\" content=\"I vincitori dell&#039;edizione 2019! - Giornate del Pinot Nero - Trentino Alto Adige\" \/>\n<meta property=\"og:description\" content=\"Pinot nero, il migliore\u00a0quest\u2019anno \u00e8 di Cornaiano Egna. Fino al 20 maggio a Egna e a Montagna tutto ruota attorno al Pinot Nero. La 21\u00aa edizione delle Giornate altoatesine del Pinot Nero si \u00e8 aperta con la proclamazione dei vincitori alla presenza&#8230; Egna: Fino al 20 maggio a Egna e a Montagna tutto ruota attorno [&hellip;]\" \/>\n<meta property=\"og:url\" content=\"https:\/\/www.blauburgunder.it\/it\/1471\/\" \/>\n<meta property=\"og:site_name\" content=\"Giornate del Pinot Nero - Trentino Alto Adige\" \/>\n<meta property=\"article:published_time\" content=\"2019-05-17T10:11:15+00:00\" \/>\n<meta property=\"og:image\" content=\"https:\/\/www.blauburgunder.it\/wp-content\/uploads\/blauburgundertage-0606.jpg\" \/>\n\t<meta property=\"og:image:width\" content=\"1500\" \/>\n\t<meta property=\"og:image:height\" content=\"1000\" \/>\n\t<meta property=\"og:image:type\" content=\"image\/jpeg\" \/>\n<meta name=\"author\" content=\"pinotblau2016\" \/>\n<script type=\"application\/ld+json\" class=\"yoast-schema-graph\">{\"@context\":\"https:\/\/schema.org\",\"@graph\":[{\"@type\":\"Article\",\"@id\":\"https:\/\/www.blauburgunder.it\/it\/1471\/#article\",\"isPartOf\":{\"@id\":\"https:\/\/www.blauburgunder.it\/it\/1471\/\"},\"author\":{\"name\":\"pinotblau2016\",\"@id\":\"https:\/\/www.blauburgunder.it\/it\/#\/schema\/person\/9d7587db6dbfe83c43aabf71ec795579\"},\"headline\":\"I vincitori dell&#8217;edizione 2019!\",\"datePublished\":\"2019-05-17T10:11:15+00:00\",\"mainEntityOfPage\":{\"@id\":\"https:\/\/www.blauburgunder.it\/it\/1471\/\"},\"wordCount\":249,\"commentCount\":0,\"image\":{\"@id\":\"https:\/\/www.blauburgunder.it\/it\/1471\/#primaryimage\"},\"thumbnailUrl\":\"https:\/\/www.blauburgunder.it\/wp-content\/uploads\/blauburgundertage-0606.jpg\",\"articleSection\":[\"Non categorizzato\"],\"inLanguage\":\"it-IT\",\"potentialAction\":[{\"@type\":\"CommentAction\",\"name\":\"Comment\",\"target\":[\"https:\/\/www.blauburgunder.it\/it\/1471\/#respond\"]}]},{\"@type\":\"WebPage\",\"@id\":\"https:\/\/www.blauburgunder.it\/it\/1471\/\",\"url\":\"https:\/\/www.blauburgunder.it\/it\/1471\/\",\"name\":\"I vincitori dell'edizione 2019! - Giornate del Pinot Nero - Trentino Alto Adige\",\"isPartOf\":{\"@id\":\"https:\/\/www.blauburgunder.it\/it\/#website\"},\"primaryImageOfPage\":{\"@id\":\"https:\/\/www.blauburgunder.it\/it\/1471\/#primaryimage\"},\"image\":{\"@id\":\"https:\/\/www.blauburgunder.it\/it\/1471\/#primaryimage\"},\"thumbnailUrl\":\"https:\/\/www.blauburgunder.it\/wp-content\/uploads\/blauburgundertage-0606.jpg\",\"datePublished\":\"2019-05-17T10:11:15+00:00\",\"author\":{\"@id\":\"https:\/\/www.blauburgunder.it\/it\/#\/schema\/person\/9d7587db6dbfe83c43aabf71ec795579\"},\"breadcrumb\":{\"@id\":\"https:\/\/www.blauburgunder.it\/it\/1471\/#breadcrumb\"},\"inLanguage\":\"it-IT\",\"potentialAction\":[{\"@type\":\"ReadAction\",\"target\":[\"https:\/\/www.blauburgunder.it\/it\/1471\/\"]}]},{\"@type\":\"ImageObject\",\"inLanguage\":\"it-IT\",\"@id\":\"https:\/\/www.blauburgunder.it\/it\/1471\/#primaryimage\",\"url\":\"https:\/\/www.blauburgunder.it\/wp-content\/uploads\/blauburgundertage-0606.jpg\",\"contentUrl\":\"https:\/\/www.blauburgunder.it\/wp-content\/uploads\/blauburgundertage-0606.jpg\",\"width\":1500,\"height\":1000},{\"@type\":\"BreadcrumbList\",\"@id\":\"https:\/\/www.blauburgunder.it\/it\/1471\/#breadcrumb\",\"itemListElement\":[{\"@type\":\"ListItem\",\"position\":1,\"name\":\"Home\",\"item\":\"https:\/\/www.blauburgunder.it\/it\/\"},{\"@type\":\"ListItem\",\"position\":2,\"name\":\"I vincitori dell&#8217;edizione 2019!\"}]},{\"@type\":\"WebSite\",\"@id\":\"https:\/\/www.blauburgunder.it\/it\/#website\",\"url\":\"https:\/\/www.blauburgunder.it\/it\/\",\"name\":\"Giornate del Pinot Nero - Trentino Alto Adige\",\"description\":\"\",\"potentialAction\":[{\"@type\":\"SearchAction\",\"target\":{\"@type\":\"EntryPoint\",\"urlTemplate\":\"https:\/\/www.blauburgunder.it\/it\/?s={search_term_string}\"},\"query-input\":{\"@type\":\"PropertyValueSpecification\",\"valueRequired\":true,\"valueName\":\"search_term_string\"}}],\"inLanguage\":\"it-IT\"},{\"@type\":\"Person\",\"@id\":\"https:\/\/www.blauburgunder.it\/it\/#\/schema\/person\/9d7587db6dbfe83c43aabf71ec795579\",\"name\":\"pinotblau2016\"}]}<\/script>\n<!-- \/ Yoast SEO plugin. -->","yoast_head_json":{"title":"I vincitori dell'edizione 2019! - Giornate del Pinot Nero - Trentino Alto Adige","robots":{"index":"index","follow":"follow","max-snippet":"max-snippet:-1","max-image-preview":"max-image-preview:large","max-video-preview":"max-video-preview:-1"},"canonical":"https:\/\/www.blauburgunder.it\/it\/1471\/","og_locale":"it_IT","og_type":"article","og_title":"I vincitori dell'edizione 2019! - Giornate del Pinot Nero - Trentino Alto Adige","og_description":"Pinot nero, il migliore\u00a0quest\u2019anno \u00e8 di Cornaiano Egna. Fino al 20 maggio a Egna e a Montagna tutto ruota attorno al Pinot Nero. La 21\u00aa edizione delle Giornate altoatesine del Pinot Nero si \u00e8 aperta con la proclamazione dei vincitori alla presenza&#8230; Egna: Fino al 20 maggio a Egna e a Montagna tutto ruota attorno [&hellip;]","og_url":"https:\/\/www.blauburgunder.it\/it\/1471\/","og_site_name":"Giornate del Pinot Nero - Trentino Alto Adige","article_published_time":"2019-05-17T10:11:15+00:00","og_image":[{"width":1500,"height":1000,"url":"https:\/\/www.blauburgunder.it\/wp-content\/uploads\/blauburgundertage-0606.jpg","type":"image\/jpeg"}],"author":"pinotblau2016","schema":{"@context":"https:\/\/schema.org","@graph":[{"@type":"Article","@id":"https:\/\/www.blauburgunder.it\/it\/1471\/#article","isPartOf":{"@id":"https:\/\/www.blauburgunder.it\/it\/1471\/"},"author":{"name":"pinotblau2016","@id":"https:\/\/www.blauburgunder.it\/it\/#\/schema\/person\/9d7587db6dbfe83c43aabf71ec795579"},"headline":"I vincitori dell&#8217;edizione 2019!","datePublished":"2019-05-17T10:11:15+00:00","mainEntityOfPage":{"@id":"https:\/\/www.blauburgunder.it\/it\/1471\/"},"wordCount":249,"commentCount":0,"image":{"@id":"https:\/\/www.blauburgunder.it\/it\/1471\/#primaryimage"},"thumbnailUrl":"https:\/\/www.blauburgunder.it\/wp-content\/uploads\/blauburgundertage-0606.jpg","articleSection":["Non categorizzato"],"inLanguage":"it-IT","potentialAction":[{"@type":"CommentAction","name":"Comment","target":["https:\/\/www.blauburgunder.it\/it\/1471\/#respond"]}]},{"@type":"WebPage","@id":"https:\/\/www.blauburgunder.it\/it\/1471\/","url":"https:\/\/www.blauburgunder.it\/it\/1471\/","name":"I vincitori dell'edizione 2019! - Giornate del Pinot Nero - Trentino Alto Adige","isPartOf":{"@id":"https:\/\/www.blauburgunder.it\/it\/#website"},"primaryImageOfPage":{"@id":"https:\/\/www.blauburgunder.it\/it\/1471\/#primaryimage"},"image":{"@id":"https:\/\/www.blauburgunder.it\/it\/1471\/#primaryimage"},"thumbnailUrl":"https:\/\/www.blauburgunder.it\/wp-content\/uploads\/blauburgundertage-0606.jpg","datePublished":"2019-05-17T10:11:15+00:00","author":{"@id":"https:\/\/www.blauburgunder.it\/it\/#\/schema\/person\/9d7587db6dbfe83c43aabf71ec795579"},"breadcrumb":{"@id":"https:\/\/www.blauburgunder.it\/it\/1471\/#breadcrumb"},"inLanguage":"it-IT","potentialAction":[{"@type":"ReadAction","target":["https:\/\/www.blauburgunder.it\/it\/1471\/"]}]},{"@type":"ImageObject","inLanguage":"it-IT","@id":"https:\/\/www.blauburgunder.it\/it\/1471\/#primaryimage","url":"https:\/\/www.blauburgunder.it\/wp-content\/uploads\/blauburgundertage-0606.jpg","contentUrl":"https:\/\/www.blauburgunder.it\/wp-content\/uploads\/blauburgundertage-0606.jpg","width":1500,"height":1000},{"@type":"BreadcrumbList","@id":"https:\/\/www.blauburgunder.it\/it\/1471\/#breadcrumb","itemListElement":[{"@type":"ListItem","position":1,"name":"Home","item":"https:\/\/www.blauburgunder.it\/it\/"},{"@type":"ListItem","position":2,"name":"I vincitori dell&#8217;edizione 2019!"}]},{"@type":"WebSite","@id":"https:\/\/www.blauburgunder.it\/it\/#website","url":"https:\/\/www.blauburgunder.it\/it\/","name":"Giornate del Pinot Nero - Trentino Alto Adige","description":"","potentialAction":[{"@type":"SearchAction","target":{"@type":"EntryPoint","urlTemplate":"https:\/\/www.blauburgunder.it\/it\/?s={search_term_string}"},"query-input":{"@type":"PropertyValueSpecification","valueRequired":true,"valueName":"search_term_string"}}],"inLanguage":"it-IT"},{"@type":"Person","@id":"https:\/\/www.blauburgunder.it\/it\/#\/schema\/person\/9d7587db6dbfe83c43aabf71ec795579","name":"pinotblau2016"}]}},"jetpack_featured_media_url":"https:\/\/www.blauburgunder.it\/wp-content\/uploads\/blauburgundertage-0606.jpg","_links":{"self":[{"href":"https:\/\/www.blauburgunder.it\/it\/wp-json\/wp\/v2\/posts\/1471","targetHints":{"allow":["GET"]}}],"collection":[{"href":"https:\/\/www.blauburgunder.it\/it\/wp-json\/wp\/v2\/posts"}],"about":[{"href":"https:\/\/www.blauburgunder.it\/it\/wp-json\/wp\/v2\/types\/post"}],"author":[{"embeddable":true,"href":"https:\/\/www.blauburgunder.it\/it\/wp-json\/wp\/v2\/users\/2"}],"replies":[{"embeddable":true,"href":"https:\/\/www.blauburgunder.it\/it\/wp-json\/wp\/v2\/comments?post=1471"}],"version-history":[{"count":3,"href":"https:\/\/www.blauburgunder.it\/it\/wp-json\/wp\/v2\/posts\/1471\/revisions"}],"predecessor-version":[{"id":1476,"href":"https:\/\/www.blauburgunder.it\/it\/wp-json\/wp\/v2\/posts\/1471\/revisions\/1476"}],"wp:featuredmedia":[{"embeddable":true,"href":"https:\/\/www.blauburgunder.it\/it\/wp-json\/wp\/v2\/media\/1472"}],"wp:attachment":[{"href":"https:\/\/www.blauburgunder.it\/it\/wp-json\/wp\/v2\/media?parent=1471"}],"wp:term":[{"taxonomy":"category","embeddable":true,"href":"https:\/\/www.blauburgunder.it\/it\/wp-json\/wp\/v2\/categories?post=1471"},{"taxonomy":"post_tag","embeddable":true,"href":"https:\/\/www.blauburgunder.it\/it\/wp-json\/wp\/v2\/tags?post=1471"}],"curies":[{"name":"wp","href":"https:\/\/api.w.org\/{rel}","templated":true}]}}