{"id":3446,"date":"2022-05-13T07:38:43","date_gmt":"2022-05-13T05:38:43","guid":{"rendered":"https:\/\/www.blauburgunder.it\/?p=3446"},"modified":"2022-05-13T07:39:34","modified_gmt":"2022-05-13T05:39:34","slug":"grande-successo-per-la-24a-edizione-delle-giornate-altoatesine-del-pinot-nero","status":"publish","type":"post","link":"https:\/\/www.blauburgunder.it\/it\/grande-successo-per-la-24a-edizione-delle-giornate-altoatesine-del-pinot-nero\/","title":{"rendered":"Grande successo per la 24\u00aa edizione delle giornate altoatesine del Pinot Nero"},"content":{"rendered":"<p>Ottima partecipazione di pubblico, altissimo livello dei vini in degustazione e grande coinvolgimento da parte dei produttori: si chiude con un altro grande successo la manifestazione\u00a0dedicata ai migliori Pinot Nero annata 2019 d\u2019Italia che si \u00e8 tenuta a Egna, in Alto Adige, dal 29 aprile al 2 maggio 2022. Durante le quattro giornate infatti \u00e8 stata messa a confronto, attraverso degustazioni dedicate, la produzione nazionale di questo pregiato vitigno che ha visto la partecipazione di oltre 85 produttori di vino provenienti da 9 aree vinicole, tra cui Trentino, Alto Adige, Valle d\u2019Aosta, Piemonte, Lombardia, Veneto, Friuli Venezia Giulia, Toscana e Abruzzo. <em>\u201cSiamo molto soddisfatti di questa 24 edizione<\/em> \u2013 racconta <strong>Ines Giovanett, Presidente del Comitato Organizzatore delle Giornate del Pinot Nero<\/strong> \u2013 <em>che si \u00e8 svolta in un contesto di grande positivit\u00e0 e interesse da parte del pubblico e dei produttori stessi. L\u2019intento principale di questo evento \u00e8 proprio quello di essere un palcoscenico per celebrare al meglio le caratteristcie uniche di questa variet\u00e0 e di comunicare, agli operatori specializzati, alla stampa e agli appassionati l\u2019unicit\u00e0, l\u2019eccellenza, e il successo che accompagna la storia e l\u2019evoluzione di questo vitigno. Un sentito grazie va a tutti i produttori che anche quest\u2019anno hanno aderito all\u2019evento con etusiasmo e a tutti coloro che hanno preso parte alle quattro giornate di degustazione.\u201d<\/em><\/p>\n<p>Venerd\u00ec 29 aprile sono stati inoltre premiati i TOP10 del Concorso nazionale del Pinot Nero che ha sancito i primi 10 migliori Pinot Nero dell\u2019annata 2019, una classifica che ha visto primeggiare l\u2019estrema qualit\u00e0 dei vini dell\u2019Alto Adige facendo salire sul podio il <strong>Pinot Nero Arnar della Cantina Andriano<\/strong>, <strong>Baltasius della Tenuta Schloss Englar<\/strong> e al terzo posto <strong>Sanct Valentin della Cantina San Michele Appiano<\/strong>.<\/p>\n<p>Con orgoglio\u00a0l\u2019enologo <strong>Rudi Kofler <\/strong>della <strong>cantina Andriano<\/strong> spiega come <em>\u201cquesto riconoscimento sia il risultato di un lavoro fatto da anni sul Pinot Nero al fine di conservare inalterate le caratteristiche pi\u00f9 tipiche di questo vitigno straordinario\u00a0che,\u00a0ad Andriano, cos\u00ec come in generale anche in tutto l\u2019Alto Adige, d\u00e0 risultati eccellenti.\u00a0La nostra filosofia \u00e8 raccontare, attraverso i vini, un territorio particolarmente vocato, dal microclima e suoli unici.\u00a0Esserne oggi il portavoce \u00e8 una vera emozione\u201d. <\/em>Continua\u00a0<strong>Klaus Gasser<\/strong><em>\u00a0\u201c\u00e8 entusiasmante vedere come, anche sui Pinot Nero, siamo in grado di ottenere, da questi suoli calcarei di alta quota, grandi vini rossi,\u00a0caratterizzati da spiccata tipicit\u00e0 e importante capacit\u00e0 evolutiva,\u00a0che ben descrivono le potenzialit\u00e0 dell\u2019Alto Adige.\u201d <\/em>Grande entusiasmo anche per la <strong>cantina Schloss Englar<\/strong> che con il suo \u00a0Pinot Nero Riserva Alto Adige DOC Baltasius entra per la prima volta non solo in classifica ma anche nella Top 3: <em>\u201cQuesto secondo posto &#8211; <\/em>racconta<strong> Johannes Khuen-Belasi<\/strong><em> &#8211; rappresenta per noi un bellissimo riconoscimento di cui siamo molto grati. Siamo una cantina giovane, sul mercato da circa 8 anni, e riceviamo per la prima volta questo premio che ci riempie di orgoglio e ci conferma che la direzione che stiamo seguendo per valorizzare al meglio il nostro Pinot Nero \u00e8 quella giusta. Negli ultimi anni infatti abbiamo ottenuti importanti riconoscimenti anche a livello internazionale, dimostrazione di quanto la sotto zona di Appiano &#8211; Pigan\u00f2, dove sorgono i nostri vigneti, sia particolarmente vocata per la coltivazione di questa variet\u00e0 per tipologia di terreni, microclimi e orientamento. Massima \u00e8 poi la nostra attenzione al vigneto e all\u2019ambiente pi\u00f9 in generale, avendo noi da circa 7 anni scelto di lavorare in conversione biologica.\u201c<\/em> Anche \u00a0la <strong>cantina di San Michele Appiano<\/strong>, al terzo posto con il suo Pinot Nero Riserva Alto Adige DOC Sanct Valentin, ribadisce come questo premio <em>\u201criconferma come la nostra zona sia diventata sempre pi\u00f9 vocata alla produzione di grandi Pinot Neri.\u201c<\/em><\/p>\n<p>L\u2019evento, promosso e organizzato dall\u2019Associazione Giornate Altoatesine del Pinot Nero in collaborazione con il Consorzio Vini Alto Adige, ha registrato anche una grande partecipazione di pubblico che ha potuto nel corso delle quattro giornate partecipare ad una ricercata degustazione tecnica, su prenotazione, durante la quale gli ospiti hanno avuto modo di degustare al tavolo i migliori Pinot Nero presenti alla manifestazione.<\/p>\n<p>Appuntamento dunque per il 2023, anno che celebrer\u00e0 la 25esima edizione di questo importante appuntamento che fa salire sul palcoscenico uno\u00a0dei\u00a0pi\u00f9 nobili tra i\u00a0vitigni a bacca rossa\u00a0a livello mondiale.<\/p>\n","protected":false},"excerpt":{"rendered":"<p>Ottima partecipazione di pubblico, altissimo livello dei vini in degustazione e grande coinvolgimento da parte dei produttori: si chiude con un altro grande successo la manifestazione\u00a0dedicata ai migliori Pinot Nero annata 2019 d\u2019Italia che si \u00e8 tenuta a Egna, in Alto Adige, dal 29 aprile al 2 maggio 2022. Durante le quattro giornate infatti \u00e8 [&hellip;]<\/p>\n","protected":false},"author":2,"featured_media":3450,"comment_status":"closed","ping_status":"closed","sticky":false,"template":"","format":"standard","meta":{"_acf_changed":false,"footnotes":""},"categories":[7],"tags":[],"class_list":["post-3446","post","type-post","status-publish","format-standard","hentry","category-non-categorizzato"],"acf":[],"yoast_head":"<!-- This site is optimized with the Yoast SEO plugin v27.0 - https:\/\/yoast.com\/product\/yoast-seo-wordpress\/ -->\n<title>Grande successo per la 24\u00aa edizione delle giornate altoatesine del Pinot Nero - Giornate del Pinot Nero - Trentino Alto Adige<\/title>\n<meta name=\"robots\" content=\"index, follow, max-snippet:-1, max-image-preview:large, max-video-preview:-1\" \/>\n<link rel=\"canonical\" href=\"https:\/\/www.blauburgunder.it\/it\/grande-successo-per-la-24a-edizione-delle-giornate-altoatesine-del-pinot-nero\/\" \/>\n<meta property=\"og:locale\" content=\"it_IT\" \/>\n<meta property=\"og:type\" content=\"article\" \/>\n<meta property=\"og:title\" content=\"Grande successo per la 24\u00aa edizione delle giornate altoatesine del Pinot Nero - Giornate del Pinot Nero - Trentino Alto Adige\" \/>\n<meta property=\"og:description\" content=\"Ottima partecipazione di pubblico, altissimo livello dei vini in degustazione e grande coinvolgimento da parte dei produttori: si chiude con un altro grande successo la manifestazione\u00a0dedicata ai migliori Pinot Nero annata 2019 d\u2019Italia che si \u00e8 tenuta a Egna, in Alto Adige, dal 29 aprile al 2 maggio 2022. Durante le quattro giornate infatti \u00e8 [&hellip;]\" \/>\n<meta property=\"og:url\" content=\"https:\/\/www.blauburgunder.it\/it\/grande-successo-per-la-24a-edizione-delle-giornate-altoatesine-del-pinot-nero\/\" \/>\n<meta property=\"og:site_name\" content=\"Giornate del Pinot Nero - Trentino Alto Adige\" \/>\n<meta property=\"article:published_time\" content=\"2022-05-13T05:38:43+00:00\" \/>\n<meta property=\"article:modified_time\" content=\"2022-05-13T05:39:34+00:00\" \/>\n<meta property=\"og:image\" content=\"https:\/\/www.blauburgunder.it\/wp-content\/uploads\/bbt22-1046-1024x683.jpg\" \/>\n\t<meta property=\"og:image:width\" content=\"1024\" \/>\n\t<meta property=\"og:image:height\" content=\"683\" \/>\n\t<meta property=\"og:image:type\" content=\"image\/jpeg\" \/>\n<meta name=\"author\" content=\"pinotblau2016\" \/>\n<script type=\"application\/ld+json\" class=\"yoast-schema-graph\">{\"@context\":\"https:\/\/schema.org\",\"@graph\":[{\"@type\":\"Article\",\"@id\":\"https:\/\/www.blauburgunder.it\/it\/grande-successo-per-la-24a-edizione-delle-giornate-altoatesine-del-pinot-nero\/#article\",\"isPartOf\":{\"@id\":\"https:\/\/www.blauburgunder.it\/it\/grande-successo-per-la-24a-edizione-delle-giornate-altoatesine-del-pinot-nero\/\"},\"author\":{\"name\":\"pinotblau2016\",\"@id\":\"https:\/\/www.blauburgunder.it\/it\/#\/schema\/person\/9d7587db6dbfe83c43aabf71ec795579\"},\"headline\":\"Grande successo per la 24\u00aa edizione delle giornate altoatesine del Pinot Nero\",\"datePublished\":\"2022-05-13T05:38:43+00:00\",\"dateModified\":\"2022-05-13T05:39:34+00:00\",\"mainEntityOfPage\":{\"@id\":\"https:\/\/www.blauburgunder.it\/it\/grande-successo-per-la-24a-edizione-delle-giornate-altoatesine-del-pinot-nero\/\"},\"wordCount\":703,\"image\":{\"@id\":\"https:\/\/www.blauburgunder.it\/it\/grande-successo-per-la-24a-edizione-delle-giornate-altoatesine-del-pinot-nero\/#primaryimage\"},\"thumbnailUrl\":\"https:\/\/www.blauburgunder.it\/wp-content\/uploads\/bbt22-1046.jpg\",\"articleSection\":[\"Non categorizzato\"],\"inLanguage\":\"it-IT\"},{\"@type\":\"WebPage\",\"@id\":\"https:\/\/www.blauburgunder.it\/it\/grande-successo-per-la-24a-edizione-delle-giornate-altoatesine-del-pinot-nero\/\",\"url\":\"https:\/\/www.blauburgunder.it\/it\/grande-successo-per-la-24a-edizione-delle-giornate-altoatesine-del-pinot-nero\/\",\"name\":\"Grande successo per la 24\u00aa edizione delle giornate altoatesine del Pinot Nero - Giornate del Pinot Nero - Trentino Alto Adige\",\"isPartOf\":{\"@id\":\"https:\/\/www.blauburgunder.it\/it\/#website\"},\"primaryImageOfPage\":{\"@id\":\"https:\/\/www.blauburgunder.it\/it\/grande-successo-per-la-24a-edizione-delle-giornate-altoatesine-del-pinot-nero\/#primaryimage\"},\"image\":{\"@id\":\"https:\/\/www.blauburgunder.it\/it\/grande-successo-per-la-24a-edizione-delle-giornate-altoatesine-del-pinot-nero\/#primaryimage\"},\"thumbnailUrl\":\"https:\/\/www.blauburgunder.it\/wp-content\/uploads\/bbt22-1046.jpg\",\"datePublished\":\"2022-05-13T05:38:43+00:00\",\"dateModified\":\"2022-05-13T05:39:34+00:00\",\"author\":{\"@id\":\"https:\/\/www.blauburgunder.it\/it\/#\/schema\/person\/9d7587db6dbfe83c43aabf71ec795579\"},\"breadcrumb\":{\"@id\":\"https:\/\/www.blauburgunder.it\/it\/grande-successo-per-la-24a-edizione-delle-giornate-altoatesine-del-pinot-nero\/#breadcrumb\"},\"inLanguage\":\"it-IT\",\"potentialAction\":[{\"@type\":\"ReadAction\",\"target\":[\"https:\/\/www.blauburgunder.it\/it\/grande-successo-per-la-24a-edizione-delle-giornate-altoatesine-del-pinot-nero\/\"]}]},{\"@type\":\"ImageObject\",\"inLanguage\":\"it-IT\",\"@id\":\"https:\/\/www.blauburgunder.it\/it\/grande-successo-per-la-24a-edizione-delle-giornate-altoatesine-del-pinot-nero\/#primaryimage\",\"url\":\"https:\/\/www.blauburgunder.it\/wp-content\/uploads\/bbt22-1046.jpg\",\"contentUrl\":\"https:\/\/www.blauburgunder.it\/wp-content\/uploads\/bbt22-1046.jpg\",\"width\":2500,\"height\":1667},{\"@type\":\"BreadcrumbList\",\"@id\":\"https:\/\/www.blauburgunder.it\/it\/grande-successo-per-la-24a-edizione-delle-giornate-altoatesine-del-pinot-nero\/#breadcrumb\",\"itemListElement\":[{\"@type\":\"ListItem\",\"position\":1,\"name\":\"Home\",\"item\":\"https:\/\/www.blauburgunder.it\/it\/\"},{\"@type\":\"ListItem\",\"position\":2,\"name\":\"Grande successo per la 24\u00aa edizione delle giornate altoatesine del Pinot Nero\"}]},{\"@type\":\"WebSite\",\"@id\":\"https:\/\/www.blauburgunder.it\/it\/#website\",\"url\":\"https:\/\/www.blauburgunder.it\/it\/\",\"name\":\"Giornate del Pinot Nero - Trentino Alto Adige\",\"description\":\"\",\"potentialAction\":[{\"@type\":\"SearchAction\",\"target\":{\"@type\":\"EntryPoint\",\"urlTemplate\":\"https:\/\/www.blauburgunder.it\/it\/?s={search_term_string}\"},\"query-input\":{\"@type\":\"PropertyValueSpecification\",\"valueRequired\":true,\"valueName\":\"search_term_string\"}}],\"inLanguage\":\"it-IT\"},{\"@type\":\"Person\",\"@id\":\"https:\/\/www.blauburgunder.it\/it\/#\/schema\/person\/9d7587db6dbfe83c43aabf71ec795579\",\"name\":\"pinotblau2016\"}]}<\/script>\n<!-- \/ Yoast SEO plugin. -->","yoast_head_json":{"title":"Grande successo per la 24\u00aa edizione delle giornate altoatesine del Pinot Nero - Giornate del Pinot Nero - Trentino Alto Adige","robots":{"index":"index","follow":"follow","max-snippet":"max-snippet:-1","max-image-preview":"max-image-preview:large","max-video-preview":"max-video-preview:-1"},"canonical":"https:\/\/www.blauburgunder.it\/it\/grande-successo-per-la-24a-edizione-delle-giornate-altoatesine-del-pinot-nero\/","og_locale":"it_IT","og_type":"article","og_title":"Grande successo per la 24\u00aa edizione delle giornate altoatesine del Pinot Nero - Giornate del Pinot Nero - Trentino Alto Adige","og_description":"Ottima partecipazione di pubblico, altissimo livello dei vini in degustazione e grande coinvolgimento da parte dei produttori: si chiude con un altro grande successo la manifestazione\u00a0dedicata ai migliori Pinot Nero annata 2019 d\u2019Italia che si \u00e8 tenuta a Egna, in Alto Adige, dal 29 aprile al 2 maggio 2022. Durante le quattro giornate infatti \u00e8 [&hellip;]","og_url":"https:\/\/www.blauburgunder.it\/it\/grande-successo-per-la-24a-edizione-delle-giornate-altoatesine-del-pinot-nero\/","og_site_name":"Giornate del Pinot Nero - Trentino Alto Adige","article_published_time":"2022-05-13T05:38:43+00:00","article_modified_time":"2022-05-13T05:39:34+00:00","og_image":[{"width":1024,"height":683,"url":"https:\/\/www.blauburgunder.it\/wp-content\/uploads\/bbt22-1046-1024x683.jpg","type":"image\/jpeg"}],"author":"pinotblau2016","schema":{"@context":"https:\/\/schema.org","@graph":[{"@type":"Article","@id":"https:\/\/www.blauburgunder.it\/it\/grande-successo-per-la-24a-edizione-delle-giornate-altoatesine-del-pinot-nero\/#article","isPartOf":{"@id":"https:\/\/www.blauburgunder.it\/it\/grande-successo-per-la-24a-edizione-delle-giornate-altoatesine-del-pinot-nero\/"},"author":{"name":"pinotblau2016","@id":"https:\/\/www.blauburgunder.it\/it\/#\/schema\/person\/9d7587db6dbfe83c43aabf71ec795579"},"headline":"Grande successo per la 24\u00aa edizione delle giornate altoatesine del Pinot Nero","datePublished":"2022-05-13T05:38:43+00:00","dateModified":"2022-05-13T05:39:34+00:00","mainEntityOfPage":{"@id":"https:\/\/www.blauburgunder.it\/it\/grande-successo-per-la-24a-edizione-delle-giornate-altoatesine-del-pinot-nero\/"},"wordCount":703,"image":{"@id":"https:\/\/www.blauburgunder.it\/it\/grande-successo-per-la-24a-edizione-delle-giornate-altoatesine-del-pinot-nero\/#primaryimage"},"thumbnailUrl":"https:\/\/www.blauburgunder.it\/wp-content\/uploads\/bbt22-1046.jpg","articleSection":["Non categorizzato"],"inLanguage":"it-IT"},{"@type":"WebPage","@id":"https:\/\/www.blauburgunder.it\/it\/grande-successo-per-la-24a-edizione-delle-giornate-altoatesine-del-pinot-nero\/","url":"https:\/\/www.blauburgunder.it\/it\/grande-successo-per-la-24a-edizione-delle-giornate-altoatesine-del-pinot-nero\/","name":"Grande successo per la 24\u00aa edizione delle giornate altoatesine del Pinot Nero - Giornate del Pinot Nero - Trentino Alto Adige","isPartOf":{"@id":"https:\/\/www.blauburgunder.it\/it\/#website"},"primaryImageOfPage":{"@id":"https:\/\/www.blauburgunder.it\/it\/grande-successo-per-la-24a-edizione-delle-giornate-altoatesine-del-pinot-nero\/#primaryimage"},"image":{"@id":"https:\/\/www.blauburgunder.it\/it\/grande-successo-per-la-24a-edizione-delle-giornate-altoatesine-del-pinot-nero\/#primaryimage"},"thumbnailUrl":"https:\/\/www.blauburgunder.it\/wp-content\/uploads\/bbt22-1046.jpg","datePublished":"2022-05-13T05:38:43+00:00","dateModified":"2022-05-13T05:39:34+00:00","author":{"@id":"https:\/\/www.blauburgunder.it\/it\/#\/schema\/person\/9d7587db6dbfe83c43aabf71ec795579"},"breadcrumb":{"@id":"https:\/\/www.blauburgunder.it\/it\/grande-successo-per-la-24a-edizione-delle-giornate-altoatesine-del-pinot-nero\/#breadcrumb"},"inLanguage":"it-IT","potentialAction":[{"@type":"ReadAction","target":["https:\/\/www.blauburgunder.it\/it\/grande-successo-per-la-24a-edizione-delle-giornate-altoatesine-del-pinot-nero\/"]}]},{"@type":"ImageObject","inLanguage":"it-IT","@id":"https:\/\/www.blauburgunder.it\/it\/grande-successo-per-la-24a-edizione-delle-giornate-altoatesine-del-pinot-nero\/#primaryimage","url":"https:\/\/www.blauburgunder.it\/wp-content\/uploads\/bbt22-1046.jpg","contentUrl":"https:\/\/www.blauburgunder.it\/wp-content\/uploads\/bbt22-1046.jpg","width":2500,"height":1667},{"@type":"BreadcrumbList","@id":"https:\/\/www.blauburgunder.it\/it\/grande-successo-per-la-24a-edizione-delle-giornate-altoatesine-del-pinot-nero\/#breadcrumb","itemListElement":[{"@type":"ListItem","position":1,"name":"Home","item":"https:\/\/www.blauburgunder.it\/it\/"},{"@type":"ListItem","position":2,"name":"Grande successo per la 24\u00aa edizione delle giornate altoatesine del Pinot Nero"}]},{"@type":"WebSite","@id":"https:\/\/www.blauburgunder.it\/it\/#website","url":"https:\/\/www.blauburgunder.it\/it\/","name":"Giornate del Pinot Nero - Trentino Alto Adige","description":"","potentialAction":[{"@type":"SearchAction","target":{"@type":"EntryPoint","urlTemplate":"https:\/\/www.blauburgunder.it\/it\/?s={search_term_string}"},"query-input":{"@type":"PropertyValueSpecification","valueRequired":true,"valueName":"search_term_string"}}],"inLanguage":"it-IT"},{"@type":"Person","@id":"https:\/\/www.blauburgunder.it\/it\/#\/schema\/person\/9d7587db6dbfe83c43aabf71ec795579","name":"pinotblau2016"}]}},"jetpack_featured_media_url":"https:\/\/www.blauburgunder.it\/wp-content\/uploads\/bbt22-1046.jpg","_links":{"self":[{"href":"https:\/\/www.blauburgunder.it\/it\/wp-json\/wp\/v2\/posts\/3446","targetHints":{"allow":["GET"]}}],"collection":[{"href":"https:\/\/www.blauburgunder.it\/it\/wp-json\/wp\/v2\/posts"}],"about":[{"href":"https:\/\/www.blauburgunder.it\/it\/wp-json\/wp\/v2\/types\/post"}],"author":[{"embeddable":true,"href":"https:\/\/www.blauburgunder.it\/it\/wp-json\/wp\/v2\/users\/2"}],"replies":[{"embeddable":true,"href":"https:\/\/www.blauburgunder.it\/it\/wp-json\/wp\/v2\/comments?post=3446"}],"version-history":[{"count":2,"href":"https:\/\/www.blauburgunder.it\/it\/wp-json\/wp\/v2\/posts\/3446\/revisions"}],"predecessor-version":[{"id":3455,"href":"https:\/\/www.blauburgunder.it\/it\/wp-json\/wp\/v2\/posts\/3446\/revisions\/3455"}],"wp:featuredmedia":[{"embeddable":true,"href":"https:\/\/www.blauburgunder.it\/it\/wp-json\/wp\/v2\/media\/3450"}],"wp:attachment":[{"href":"https:\/\/www.blauburgunder.it\/it\/wp-json\/wp\/v2\/media?parent=3446"}],"wp:term":[{"taxonomy":"category","embeddable":true,"href":"https:\/\/www.blauburgunder.it\/it\/wp-json\/wp\/v2\/categories?post=3446"},{"taxonomy":"post_tag","embeddable":true,"href":"https:\/\/www.blauburgunder.it\/it\/wp-json\/wp\/v2\/tags?post=3446"}],"curies":[{"name":"wp","href":"https:\/\/api.w.org\/{rel}","templated":true}]}}