{"id":6815,"date":"2024-05-02T18:01:53","date_gmt":"2024-05-02T16:01:53","guid":{"rendered":"https:\/\/www.blauburgunder.it\/?p=6815"},"modified":"2024-05-08T07:07:05","modified_gmt":"2024-05-08T05:07:05","slug":"i-vincitori-delledizione-2023-2","status":"publish","type":"post","link":"https:\/\/www.blauburgunder.it\/it\/i-vincitori-delledizione-2023-2\/","title":{"rendered":"I vincitori dell\u2019edizione 2024"},"content":{"rendered":"<p><strong>26\u00b0 Giornate Altoatesine del Pinot Nero a Egna e Montagna:<br \/>\ni migliori dell\u2019annata 2021 sono stati decretati<\/strong><\/p>\n<p><strong><em>La cerimonia di premiazione dei migliori Pinot Nero dell\u2019annata 2021 dar\u00e0 l\u2019avvio, come da tradizione, alle Giornate Altoatesine del Pinot Nero a Egna e Montagna, la cui apertura \u00e8 fissata per venerd\u00ec 10 maggio. Quest\u2019anno ad aggiudicarsi i prestigiosi riconoscimenti sono state le Tenute Elena Walch, Rohregger, Seeperle, Tiefenbrunner e Peter S\u00f6lva. E, come di consueto, in occasione delle Giornate del Pinot Nero \u00e8 possibile degustare tutti i vini che hanno partecipato al concorso.<\/em><\/strong><\/p>\n<p>&nbsp;<\/p>\n<p>In attesa dell\u2019edizione di quest\u2019anno delle Giornate del Pinot Nero, in calendario da venerd\u00ec 10 a luned\u00ec 13 maggio, il Concorso ha gi\u00e0 i suoi risultati. Una <strong>giuria composta da enologi, sommelier e giornalisti del settore provenienti da tutte le regioni vinicole<\/strong> partecipanti ha decretato, nei giorni scorsi, i <strong>cinque migliori Pinot Nero d\u2019Italia dell\u2019annata 2021<\/strong>. I vincitori sono:<\/p>\n<p><strong>1\u00b0 posto: \u00a0\u00a0\u00a0\u00a0 <\/strong>Pinot Nero<strong> Ludwig <\/strong>di<strong> Elena Walch <\/strong><strong><br \/>\n2\u00b0 posto: \u00a0\u00a0\u00a0\u00a0 <\/strong>Pinot Noir Riserva<strong> Vom Lehm <\/strong>della <strong>Tenuta Rohregger<br \/>\n3\u00b0 posto: \u00a0\u00a0\u00a0\u00a0 <\/strong>Pinot Noir<strong> Arthur Rainer <\/strong>della <strong>Tenuta Seeperle <\/strong>a pari merito con<strong><br \/>\n<\/strong>\u00a0\u00a0\u00a0\u00a0\u00a0\u00a0\u00a0\u00a0\u00a0\u00a0\u00a0\u00a0\u00a0\u00a0\u00a0\u00a0\u00a0\u00a0\u00a0\u00a0\u00a0\u00a0\u00a0 Pinot Noir Riserva<strong> Linticlarus <\/strong>di\u00a0<strong>Tiefenbrunner <\/strong><strong><br \/>\n5\u00b0 posto:\u00a0\u00a0\u00a0\u00a0\u00a0 <\/strong>Pinot Nero<strong> DeSilva Private Reserve <\/strong>della<strong>Tenuta Peter S\u00f6lva<br \/>\n<\/strong><br \/>\nOltre ai cinque migliori vini dell\u2019anno, la giuria di degustazione ha premiato <strong>anche i migliori rappresentanti delle rispettive regioni vinicole<\/strong>: per la <strong>Valle d\u2019Aosta Grosjean Vins<\/strong>, per la regione <strong>Friuli Castello di Spessa<\/strong>, per la <strong>Lombardia Conte Vistarino<\/strong>, per il <strong>Piemonte Bricco Maiolica<\/strong>, per la <strong>Toscana <\/strong>la <strong>Fattoria San Felo<\/strong>, per il <strong>Trentino <\/strong>la <strong>Tenuta<\/strong> <strong>Volpare<\/strong>, per <strong>l\u2019Umbria <\/strong>l\u2018<strong>Azienda Agricola Poggio Petroso, <\/strong>per il <strong>Veneto<\/strong><strong>Borgo Stajnbech <\/strong>e per<strong> l\u2019Alto Adige Elena Walch.<\/strong><\/p>\n<p>&nbsp;<\/p>\n<p>Quest\u2019anno al concorso hanno partecipato <strong>oltre cento vini da nove regioni vinicole italiane<\/strong>. In occasione della <strong>degustazione aperta al pubblico<\/strong> <strong>sar\u00e0 possibile degustare tutte le 102 etichette<\/strong>. Oltre alle apprezzatissime<strong>degustazioni aperte al pubblico che andranno da venerd\u00ec 10 a luned\u00ec 13 maggio<\/strong>, nella giornata di sabato, presso la Sala della Cultura \u201cJ. Fischer\u201d di Montagna \u00e8 prevista una prima <strong>masterclass dedicata ai \u201cPinot neri d\u2019Italia\u201d<\/strong>. Il pomeriggio dello stesso giorno, nella stessa location, si terr\u00e0 quindi una <strong>degustazione verticale del Pinot Nero Ludwig di Elena Walch<\/strong>. Nel corso del fine settimana saranno inoltre proposte delle <strong>escursioni guidate \u201cPinot Noir Experience\u201d<\/strong>nei paesi vinicoli di Gleno e Mazzon e nei loro dintorni. Anche in quest\u2019occasione sar\u00e0 naturalmente possibile degustare diversi Pinot Nero.<\/p>\n","protected":false},"excerpt":{"rendered":"<p>26\u00b0 Giornate Altoatesine del Pinot Nero a Egna e Montagna: i migliori dell\u2019annata 2021 sono stati decretati La cerimonia di premiazione dei migliori Pinot Nero dell\u2019annata 2021 dar\u00e0 l\u2019avvio, come da tradizione, alle Giornate Altoatesine del Pinot Nero a Egna e Montagna, la cui apertura \u00e8 fissata per venerd\u00ec 10 maggio. Quest\u2019anno ad aggiudicarsi i [&hellip;]<\/p>\n","protected":false},"author":2,"featured_media":6813,"comment_status":"closed","ping_status":"closed","sticky":false,"template":"","format":"standard","meta":{"_acf_changed":false,"footnotes":""},"categories":[7],"tags":[],"class_list":["post-6815","post","type-post","status-publish","format-standard","hentry","category-non-categorizzato"],"acf":[],"yoast_head":"<!-- This site is optimized with the Yoast SEO plugin v27.0 - https:\/\/yoast.com\/product\/yoast-seo-wordpress\/ -->\n<title>I vincitori dell\u2019edizione 2024 - Giornate del Pinot Nero - Trentino Alto Adige<\/title>\n<meta name=\"robots\" content=\"index, follow, max-snippet:-1, max-image-preview:large, max-video-preview:-1\" \/>\n<link rel=\"canonical\" href=\"https:\/\/www.blauburgunder.it\/it\/i-vincitori-delledizione-2023-2\/\" \/>\n<meta property=\"og:locale\" content=\"it_IT\" \/>\n<meta property=\"og:type\" content=\"article\" \/>\n<meta property=\"og:title\" content=\"I vincitori dell\u2019edizione 2024 - Giornate del Pinot Nero - Trentino Alto Adige\" \/>\n<meta property=\"og:description\" content=\"26\u00b0 Giornate Altoatesine del Pinot Nero a Egna e Montagna: i migliori dell\u2019annata 2021 sono stati decretati La cerimonia di premiazione dei migliori Pinot Nero dell\u2019annata 2021 dar\u00e0 l\u2019avvio, come da tradizione, alle Giornate Altoatesine del Pinot Nero a Egna e Montagna, la cui apertura \u00e8 fissata per venerd\u00ec 10 maggio. Quest\u2019anno ad aggiudicarsi i [&hellip;]\" \/>\n<meta property=\"og:url\" content=\"https:\/\/www.blauburgunder.it\/it\/i-vincitori-delledizione-2023-2\/\" \/>\n<meta property=\"og:site_name\" content=\"Giornate del Pinot Nero - Trentino Alto Adige\" \/>\n<meta property=\"article:published_time\" content=\"2024-05-02T16:01:53+00:00\" \/>\n<meta property=\"article:modified_time\" content=\"2024-05-08T05:07:05+00:00\" \/>\n<meta property=\"og:image\" content=\"https:\/\/www.blauburgunder.it\/wp-content\/uploads\/image00002-1.jpeg\" \/>\n\t<meta property=\"og:image:width\" content=\"1616\" \/>\n\t<meta property=\"og:image:height\" content=\"1080\" \/>\n\t<meta property=\"og:image:type\" content=\"image\/jpeg\" \/>\n<meta name=\"author\" content=\"pinotblau2016\" \/>\n<script type=\"application\/ld+json\" class=\"yoast-schema-graph\">{\"@context\":\"https:\/\/schema.org\",\"@graph\":[{\"@type\":\"Article\",\"@id\":\"https:\/\/www.blauburgunder.it\/it\/i-vincitori-delledizione-2023-2\/#article\",\"isPartOf\":{\"@id\":\"https:\/\/www.blauburgunder.it\/it\/i-vincitori-delledizione-2023-2\/\"},\"author\":{\"name\":\"pinotblau2016\",\"@id\":\"https:\/\/www.blauburgunder.it\/it\/#\/schema\/person\/9d7587db6dbfe83c43aabf71ec795579\"},\"headline\":\"I vincitori dell\u2019edizione 2024\",\"datePublished\":\"2024-05-02T16:01:53+00:00\",\"dateModified\":\"2024-05-08T05:07:05+00:00\",\"mainEntityOfPage\":{\"@id\":\"https:\/\/www.blauburgunder.it\/it\/i-vincitori-delledizione-2023-2\/\"},\"wordCount\":398,\"image\":{\"@id\":\"https:\/\/www.blauburgunder.it\/it\/i-vincitori-delledizione-2023-2\/#primaryimage\"},\"thumbnailUrl\":\"https:\/\/www.blauburgunder.it\/wp-content\/uploads\/image00002-1.jpeg\",\"articleSection\":[\"Non categorizzato\"],\"inLanguage\":\"it-IT\"},{\"@type\":\"WebPage\",\"@id\":\"https:\/\/www.blauburgunder.it\/it\/i-vincitori-delledizione-2023-2\/\",\"url\":\"https:\/\/www.blauburgunder.it\/it\/i-vincitori-delledizione-2023-2\/\",\"name\":\"I vincitori dell\u2019edizione 2024 - Giornate del Pinot Nero - Trentino Alto Adige\",\"isPartOf\":{\"@id\":\"https:\/\/www.blauburgunder.it\/it\/#website\"},\"primaryImageOfPage\":{\"@id\":\"https:\/\/www.blauburgunder.it\/it\/i-vincitori-delledizione-2023-2\/#primaryimage\"},\"image\":{\"@id\":\"https:\/\/www.blauburgunder.it\/it\/i-vincitori-delledizione-2023-2\/#primaryimage\"},\"thumbnailUrl\":\"https:\/\/www.blauburgunder.it\/wp-content\/uploads\/image00002-1.jpeg\",\"datePublished\":\"2024-05-02T16:01:53+00:00\",\"dateModified\":\"2024-05-08T05:07:05+00:00\",\"author\":{\"@id\":\"https:\/\/www.blauburgunder.it\/it\/#\/schema\/person\/9d7587db6dbfe83c43aabf71ec795579\"},\"breadcrumb\":{\"@id\":\"https:\/\/www.blauburgunder.it\/it\/i-vincitori-delledizione-2023-2\/#breadcrumb\"},\"inLanguage\":\"it-IT\",\"potentialAction\":[{\"@type\":\"ReadAction\",\"target\":[\"https:\/\/www.blauburgunder.it\/it\/i-vincitori-delledizione-2023-2\/\"]}]},{\"@type\":\"ImageObject\",\"inLanguage\":\"it-IT\",\"@id\":\"https:\/\/www.blauburgunder.it\/it\/i-vincitori-delledizione-2023-2\/#primaryimage\",\"url\":\"https:\/\/www.blauburgunder.it\/wp-content\/uploads\/image00002-1.jpeg\",\"contentUrl\":\"https:\/\/www.blauburgunder.it\/wp-content\/uploads\/image00002-1.jpeg\",\"width\":1616,\"height\":1080},{\"@type\":\"BreadcrumbList\",\"@id\":\"https:\/\/www.blauburgunder.it\/it\/i-vincitori-delledizione-2023-2\/#breadcrumb\",\"itemListElement\":[{\"@type\":\"ListItem\",\"position\":1,\"name\":\"Home\",\"item\":\"https:\/\/www.blauburgunder.it\/it\/\"},{\"@type\":\"ListItem\",\"position\":2,\"name\":\"I vincitori dell\u2019edizione 2024\"}]},{\"@type\":\"WebSite\",\"@id\":\"https:\/\/www.blauburgunder.it\/it\/#website\",\"url\":\"https:\/\/www.blauburgunder.it\/it\/\",\"name\":\"Giornate del Pinot Nero - Trentino Alto Adige\",\"description\":\"\",\"potentialAction\":[{\"@type\":\"SearchAction\",\"target\":{\"@type\":\"EntryPoint\",\"urlTemplate\":\"https:\/\/www.blauburgunder.it\/it\/?s={search_term_string}\"},\"query-input\":{\"@type\":\"PropertyValueSpecification\",\"valueRequired\":true,\"valueName\":\"search_term_string\"}}],\"inLanguage\":\"it-IT\"},{\"@type\":\"Person\",\"@id\":\"https:\/\/www.blauburgunder.it\/it\/#\/schema\/person\/9d7587db6dbfe83c43aabf71ec795579\",\"name\":\"pinotblau2016\"}]}<\/script>\n<!-- \/ Yoast SEO plugin. -->","yoast_head_json":{"title":"I vincitori dell\u2019edizione 2024 - Giornate del Pinot Nero - Trentino Alto Adige","robots":{"index":"index","follow":"follow","max-snippet":"max-snippet:-1","max-image-preview":"max-image-preview:large","max-video-preview":"max-video-preview:-1"},"canonical":"https:\/\/www.blauburgunder.it\/it\/i-vincitori-delledizione-2023-2\/","og_locale":"it_IT","og_type":"article","og_title":"I vincitori dell\u2019edizione 2024 - Giornate del Pinot Nero - Trentino Alto Adige","og_description":"26\u00b0 Giornate Altoatesine del Pinot Nero a Egna e Montagna: i migliori dell\u2019annata 2021 sono stati decretati La cerimonia di premiazione dei migliori Pinot Nero dell\u2019annata 2021 dar\u00e0 l\u2019avvio, come da tradizione, alle Giornate Altoatesine del Pinot Nero a Egna e Montagna, la cui apertura \u00e8 fissata per venerd\u00ec 10 maggio. Quest\u2019anno ad aggiudicarsi i [&hellip;]","og_url":"https:\/\/www.blauburgunder.it\/it\/i-vincitori-delledizione-2023-2\/","og_site_name":"Giornate del Pinot Nero - Trentino Alto Adige","article_published_time":"2024-05-02T16:01:53+00:00","article_modified_time":"2024-05-08T05:07:05+00:00","og_image":[{"width":1616,"height":1080,"url":"https:\/\/www.blauburgunder.it\/wp-content\/uploads\/image00002-1.jpeg","type":"image\/jpeg"}],"author":"pinotblau2016","schema":{"@context":"https:\/\/schema.org","@graph":[{"@type":"Article","@id":"https:\/\/www.blauburgunder.it\/it\/i-vincitori-delledizione-2023-2\/#article","isPartOf":{"@id":"https:\/\/www.blauburgunder.it\/it\/i-vincitori-delledizione-2023-2\/"},"author":{"name":"pinotblau2016","@id":"https:\/\/www.blauburgunder.it\/it\/#\/schema\/person\/9d7587db6dbfe83c43aabf71ec795579"},"headline":"I vincitori dell\u2019edizione 2024","datePublished":"2024-05-02T16:01:53+00:00","dateModified":"2024-05-08T05:07:05+00:00","mainEntityOfPage":{"@id":"https:\/\/www.blauburgunder.it\/it\/i-vincitori-delledizione-2023-2\/"},"wordCount":398,"image":{"@id":"https:\/\/www.blauburgunder.it\/it\/i-vincitori-delledizione-2023-2\/#primaryimage"},"thumbnailUrl":"https:\/\/www.blauburgunder.it\/wp-content\/uploads\/image00002-1.jpeg","articleSection":["Non categorizzato"],"inLanguage":"it-IT"},{"@type":"WebPage","@id":"https:\/\/www.blauburgunder.it\/it\/i-vincitori-delledizione-2023-2\/","url":"https:\/\/www.blauburgunder.it\/it\/i-vincitori-delledizione-2023-2\/","name":"I vincitori dell\u2019edizione 2024 - Giornate del Pinot Nero - Trentino Alto Adige","isPartOf":{"@id":"https:\/\/www.blauburgunder.it\/it\/#website"},"primaryImageOfPage":{"@id":"https:\/\/www.blauburgunder.it\/it\/i-vincitori-delledizione-2023-2\/#primaryimage"},"image":{"@id":"https:\/\/www.blauburgunder.it\/it\/i-vincitori-delledizione-2023-2\/#primaryimage"},"thumbnailUrl":"https:\/\/www.blauburgunder.it\/wp-content\/uploads\/image00002-1.jpeg","datePublished":"2024-05-02T16:01:53+00:00","dateModified":"2024-05-08T05:07:05+00:00","author":{"@id":"https:\/\/www.blauburgunder.it\/it\/#\/schema\/person\/9d7587db6dbfe83c43aabf71ec795579"},"breadcrumb":{"@id":"https:\/\/www.blauburgunder.it\/it\/i-vincitori-delledizione-2023-2\/#breadcrumb"},"inLanguage":"it-IT","potentialAction":[{"@type":"ReadAction","target":["https:\/\/www.blauburgunder.it\/it\/i-vincitori-delledizione-2023-2\/"]}]},{"@type":"ImageObject","inLanguage":"it-IT","@id":"https:\/\/www.blauburgunder.it\/it\/i-vincitori-delledizione-2023-2\/#primaryimage","url":"https:\/\/www.blauburgunder.it\/wp-content\/uploads\/image00002-1.jpeg","contentUrl":"https:\/\/www.blauburgunder.it\/wp-content\/uploads\/image00002-1.jpeg","width":1616,"height":1080},{"@type":"BreadcrumbList","@id":"https:\/\/www.blauburgunder.it\/it\/i-vincitori-delledizione-2023-2\/#breadcrumb","itemListElement":[{"@type":"ListItem","position":1,"name":"Home","item":"https:\/\/www.blauburgunder.it\/it\/"},{"@type":"ListItem","position":2,"name":"I vincitori dell\u2019edizione 2024"}]},{"@type":"WebSite","@id":"https:\/\/www.blauburgunder.it\/it\/#website","url":"https:\/\/www.blauburgunder.it\/it\/","name":"Giornate del Pinot Nero - Trentino Alto Adige","description":"","potentialAction":[{"@type":"SearchAction","target":{"@type":"EntryPoint","urlTemplate":"https:\/\/www.blauburgunder.it\/it\/?s={search_term_string}"},"query-input":{"@type":"PropertyValueSpecification","valueRequired":true,"valueName":"search_term_string"}}],"inLanguage":"it-IT"},{"@type":"Person","@id":"https:\/\/www.blauburgunder.it\/it\/#\/schema\/person\/9d7587db6dbfe83c43aabf71ec795579","name":"pinotblau2016"}]}},"jetpack_featured_media_url":"https:\/\/www.blauburgunder.it\/wp-content\/uploads\/image00002-1.jpeg","_links":{"self":[{"href":"https:\/\/www.blauburgunder.it\/it\/wp-json\/wp\/v2\/posts\/6815","targetHints":{"allow":["GET"]}}],"collection":[{"href":"https:\/\/www.blauburgunder.it\/it\/wp-json\/wp\/v2\/posts"}],"about":[{"href":"https:\/\/www.blauburgunder.it\/it\/wp-json\/wp\/v2\/types\/post"}],"author":[{"embeddable":true,"href":"https:\/\/www.blauburgunder.it\/it\/wp-json\/wp\/v2\/users\/2"}],"replies":[{"embeddable":true,"href":"https:\/\/www.blauburgunder.it\/it\/wp-json\/wp\/v2\/comments?post=6815"}],"version-history":[{"count":2,"href":"https:\/\/www.blauburgunder.it\/it\/wp-json\/wp\/v2\/posts\/6815\/revisions"}],"predecessor-version":[{"id":7138,"href":"https:\/\/www.blauburgunder.it\/it\/wp-json\/wp\/v2\/posts\/6815\/revisions\/7138"}],"wp:featuredmedia":[{"embeddable":true,"href":"https:\/\/www.blauburgunder.it\/it\/wp-json\/wp\/v2\/media\/6813"}],"wp:attachment":[{"href":"https:\/\/www.blauburgunder.it\/it\/wp-json\/wp\/v2\/media?parent=6815"}],"wp:term":[{"taxonomy":"category","embeddable":true,"href":"https:\/\/www.blauburgunder.it\/it\/wp-json\/wp\/v2\/categories?post=6815"},{"taxonomy":"post_tag","embeddable":true,"href":"https:\/\/www.blauburgunder.it\/it\/wp-json\/wp\/v2\/tags?post=6815"}],"curies":[{"name":"wp","href":"https:\/\/api.w.org\/{rel}","templated":true}]}}